{"id":1702,"date":"2025-10-08T10:02:17","date_gmt":"2025-10-08T08:02:17","guid":{"rendered":"https:\/\/www.amediasolutions.fr\/blog\/?p=1702"},"modified":"2025-10-08T10:02:17","modified_gmt":"2025-10-08T08:02:17","slug":"groupe-pplb-comment-amedia-solutions-a-modernise-toute-son-infrastructure-it-en-4-mois","status":"publish","type":"post","link":"https:\/\/www.amediasolutions.fr\/blog\/groupe-pplb-comment-amedia-solutions-a-modernise-toute-son-infrastructure-it-en-4-mois","title":{"rendered":"Groupe PPLB : comment Amedia Solutions a modernis\u00e9 toute son infrastructure IT en 4 mois"},"content":{"rendered":"\n<h2 class=\"wp-block-heading\">Le groupe PPLB<\/h2>\n\n\n\n<p>Depuis sa cr\u00e9ation en 2013, le groupe PPLB n\u2019a cess\u00e9 de se d\u00e9velopper. Avec 4 usines en France et une \u00e9quipe de 250 collaborateurs. En 2024, le groupe se retrouve face \u00e0 un d\u00e9fi majeur : refondre son infrastructure informatique.<\/p>\n\n\n\n<p>Rencontre avec M. <a href=\"https:\/\/www.linkedin.com\/in\/lucas-mazieres\/\">Lucas Mazi\u00e8res<\/a>, Directeur des op\u00e9rations chez <a href=\"https:\/\/www.puyzillou.fr\/\" target=\"_blank\" rel=\"noopener\" title=\"\">Puyzillou<\/a>, filiale du groupe PPLB, en charge du projet.<\/p>\n\n\n\n<h2 class=\"wp-block-heading\">Le contexte<\/h2>\n\n\n\n<blockquote class=\"wp-block-quote is-layout-flow wp-block-quote-is-layout-flow\">\n<p><em>\u00ab&nbsp;\u00c7a a d\u00e9marr\u00e9 d\u00e9but 2024. Nous avions un probl\u00e8me : il fallait absolument changer d&rsquo;ERP, notre logiciel de gestion et de facturation. Pour installer un nouvel ERP, il fallait malheureusement aussi <strong>changer de serveur&nbsp;\u00bb.<\/strong><\/em><\/p>\n\n\n\n<p><em>\u00ab&nbsp;Nous avons donc un peu chang\u00e9 notre approche. On s&rsquo;est dit qu&rsquo;il fallait d&rsquo;abord <strong>r\u00e9fl\u00e9chir \u00e0 notre infrastructure<\/strong>. On a r\u00e9dig\u00e9 un cahier des charges que l&rsquo;on a fait circuler, notamment aupr\u00e8s des entreprises avec qui on avait l&rsquo;habitude de travailler.&nbsp;\u00bb<\/em><\/p>\n<\/blockquote>\n\n\n\n<h2 class=\"wp-block-heading\"><strong>Le d\u00e9fi<\/strong><\/h2>\n\n\n\n<p>Avant le projet, la situation \u00e9tait claire :<\/p>\n\n\n\n<ul class=\"wp-block-list\">\n<li>Des <strong>serveurs \u00e0 bout de souffle<\/strong>, incapables de supporter le futur ERP.<\/li>\n\n\n\n<li>Une <strong>connexion SDSL d\u00e9pass\u00e9e<\/strong> et des VPN qui \u201csautaient\u201d au moindre al\u00e9a.<\/li>\n\n\n\n<li>Des <strong>bo\u00eetes mails fragment\u00e9es<\/strong>, sans homog\u00e9n\u00e9it\u00e9 entre les entit\u00e9s du groupe.<\/li>\n\n\n\n<li>Des besoins urgents de <strong>s\u00e9curit\u00e9 et de structuration<\/strong> pour accompagner la croissance.<\/li>\n<\/ul>\n\n\n\n<p>\u00c0 cela s\u2019ajoutait une volont\u00e9 forte : <strong>ne pas d\u00e9pendre uniquement des solutions des g\u00e9ants du cloud<\/strong>.<\/p>\n\n\n\n<blockquote class=\"wp-block-quote is-layout-flow wp-block-quote-is-layout-flow\">\n<p><em>\u00ab&nbsp;Nous voulions quelque chose de tr\u00e8s \u00ab\u00a0souverain\u00a0\u00bb. D&rsquo;autres entreprises qui nous accompagnaient jusque-l\u00e0 nous auraient dit : \u00ab\u00a0Non, c&rsquo;est Office 365 partout, du Cloud Azure, ceci, cela.\u00a0\u00bb<\/em><\/p>\n\n\n\n<p><em>Nous, on n&rsquo;a rien contre Microsoft ou l&rsquo;\u00e9cosyst\u00e8me, mais on voulait une solution simple qui nous corresponde. On n&rsquo;a pas besoin de tous les avantages de SharePoint, de OneDrive ou de Teams. On veut quelque chose \u00e0 notre \u00e9chelle, qui nous correspond et dont on ma\u00eetrise les co\u00fbts.&nbsp;\u00bb<\/em><\/p>\n<\/blockquote>\n\n\n\n<h2 class=\"wp-block-heading\"><strong>La rencontre avec Amedia Solutions<\/strong><\/h2>\n\n\n\n<blockquote class=\"wp-block-quote is-layout-flow wp-block-quote-is-layout-flow\">\n<p><em>\u00ab&nbsp;On a eu du mal \u00e0 trouver quelqu&rsquo;un qui nous comprenait, une entreprise qui avait une vision un peu diff\u00e9rente de ce qui se fait habituellement.<\/em><\/p>\n\n\n\n<p><em>C&rsquo;est \u00e0 ce moment-l\u00e0 que Bogdan [<\/em><a href=\"https:\/\/www.linkedin.com\/in\/bogdan-ili%C3%A9-666a0827\/\"><em>Bogdan ILIE<\/em><\/a><em>, PDG] a rencontr\u00e9 Jonathan [<\/em><a href=\"https:\/\/www.linkedin.com\/in\/jonathan-roland-09537190?miniProfileUrn=urn%3Ali%3Afs_miniProfile%3AACoAABNGYjEBVAvqaaYi78J0wsgMc-hL5e9KsEo&amp;lipi=urn%3Ali%3Apage%3Ad_flagship3_search_srp_all%3B1sZR6MVMShGyQJ5OGyM7Cg%3D%3D\"><em>Jonathan ROLAND<\/em><\/a><em>, pr\u00e9sident d\u2019Amedia Solutions] lors d&rsquo;un <\/em><a href=\"https:\/\/www.adi-na.fr\/les-offres-adi-n-a\/integrer-laccelerateur-nouvelle-aquitaine#:~:text=Ce%20programme%20d%C3%A9di%C3%A9%20aux%20chefs,un%20v%C3%A9ritable%20r%C3%A9seau%20de%20dirigeants.\"><em>programme d&rsquo;acc\u00e9l\u00e9rateur<\/em><\/a><em>, pilot\u00e9 par la r\u00e9gion Nouvelle-Aquitaine.<\/em><\/p>\n\n\n\n<p><em>\u00ab&nbsp;C&rsquo;est tomb\u00e9 \u00e0 pic, parce qu&rsquo;on a enfin rencontr\u00e9 une entreprise qui comprenait notre volont\u00e9. C&rsquo;est ce qui nous a tout de suite plu chez eux.&nbsp;\u00bb<\/em><\/p>\n<\/blockquote>\n\n\n\n<p>La suite se joue tr\u00e8s vite : franchise, compr\u00e9hension et proximit\u00e9 cr\u00e9ent imm\u00e9diatement un climat de confiance.<\/p>\n\n\n\n<blockquote class=\"wp-block-quote is-layout-flow wp-block-quote-is-layout-flow\">\n<p><em>\u00ab Avec Igor et Didier*, \u00e7a a tout de suite match\u00e9. Ils ont \u00e9t\u00e9 francs et transparents. On a senti qu\u2019ils cherchaient vraiment une solution adapt\u00e9e \u00e0 notre r\u00e9alit\u00e9. \u00bb<\/em><\/p>\n<\/blockquote>\n\n\n\n<p>*(<a href=\"https:\/\/www.linkedin.com\/in\/fran%C3%A7ois-igor-martin\/?originalSubdomain=fr\">Igor Martin<\/a>, Directeur Relation client &amp; Production et <a href=\"https:\/\/www.linkedin.com\/in\/didier-grellier-2a6a47117\/\">Didier Grellier<\/a>, responsable technique)<\/p>\n\n\n\n<h2 class=\"wp-block-heading\"><strong>La mise en \u0153uvre : un d\u00e9ploiement express en 4 mois<\/strong><\/h2>\n\n\n\n<p>Une fois le cahier des charges finalis\u00e9, le chantier est lanc\u00e9. En seulement <strong>quatre mois<\/strong>, l\u2019entreprise bascule vers une nouvelle infrastructure compl\u00e8te.<\/p>\n\n\n\n<p><strong>Les principales \u00e9tapes men\u00e9es par Amedia Solutions :<\/strong><\/p>\n\n\n\n<ul class=\"wp-block-list\">\n<li><strong>Migration des serveurs<\/strong> et mise en place d\u2019une arborescence commune.<\/li>\n\n\n\n<li><strong>Calibrage pr\u00e9cis des droits d\u2019acc\u00e8s<\/strong> pour s\u00e9curiser l\u2019organisation.<\/li>\n\n\n\n<li><strong>Uniformisation des emails<\/strong> pour les cinq entit\u00e9s du groupe.<\/li>\n\n\n\n<li><strong>Installation de la fibre<\/strong> et migration des lignes techniques.<\/li>\n\n\n\n<li><strong>D\u00e9ploiement de la t\u00e9l\u00e9phonie VoIP<\/strong>.<\/li>\n\n\n\n<li><strong>Mise en place d\u2019outils collaboratifs<\/strong> (visioconf\u00e9rence, messagerie instantan\u00e9e).<\/li>\n\n\n\n<li><strong>Gestion technique des noms de domaines et h\u00e9bergements<\/strong> pour harmoniser la pr\u00e9sence en ligne.<\/li>\n<\/ul>\n\n\n\n<p>Le tout dans un contexte tendu, sans v\u00e9ritable p\u00e9riode de transition pour les \u00e9quipes.<\/p>\n\n\n\n<blockquote class=\"wp-block-quote is-layout-flow wp-block-quote-is-layout-flow\">\n<p><em>\u00ab Pour vous donner une id\u00e9e : on a sign\u00e9 fin septembre 2024, et en d\u00e9cembre, tout \u00e9tait d\u00e9j\u00e0 op\u00e9rationnel. Franchement, \u00e7a a \u00e9t\u00e9 rapide. Basculer tout \u00e7a en quatre mois, c\u2019est une prouesse. Aujourd\u2019hui je souris en y repensant, mais sur le moment, c\u2019\u00e9tait un travail titanesque. \u00bb<\/em><\/p>\n<\/blockquote>\n\n\n\n<h2 class=\"wp-block-heading\"><strong>Les b\u00e9n\u00e9fices : s\u00e9r\u00e9nit\u00e9, souverainet\u00e9 et proximit\u00e9<\/strong><\/h2>\n\n\n\n<p>Les r\u00e9sultats ont \u00e9t\u00e9 imm\u00e9diats :<\/p>\n\n\n\n<ul class=\"wp-block-list\">\n<li><strong>Un syst\u00e8me fiable et robuste<\/strong> : fini les serveurs instables et les mails capricieux.<\/li>\n\n\n\n<li><strong>Une infrastructure souveraine et locale<\/strong>, loin de la d\u00e9pendance exclusive aux grands groupes.<\/li>\n\n\n\n<li><strong>Une r\u00e9activit\u00e9 exemplaire<\/strong> : un simple appel suffit pour d\u00e9bloquer une situation.<\/li>\n\n\n\n<li><strong>Un vrai sentiment de proximit\u00e9<\/strong> : un partenaire qui conna\u00eet ses clients et s\u2019adapte \u00e0 eux.<\/li>\n<\/ul>\n\n\n\n<blockquote class=\"wp-block-quote is-layout-flow wp-block-quote-is-layout-flow\">\n<p><em>\u00ab On ne se sent pas comme un num\u00e9ro. Vous nous connaissez, et tout va plus vite. \u00bb<\/em><\/p>\n<\/blockquote>\n\n\n\n<h2 class=\"wp-block-heading\"><strong>Une collaboration bas\u00e9e sur la confiance<\/strong><\/h2>\n\n\n\n<p>Au-del\u00e0 de la technique, ce projet a scell\u00e9 une <strong>relation de confiance durable<\/strong>.<br>Qu\u2019il s\u2019agisse de sauver un nom de domaine en urgence, de migrer une ligne critique ou de conseiller sur un choix strat\u00e9gique, Amedia Solutions a toujours r\u00e9pondu pr\u00e9sent.<\/p>\n\n\n\n<blockquote class=\"wp-block-quote is-layout-flow wp-block-quote-is-layout-flow\">\n<p><em>\u00ab Nous leur avons donn\u00e9 les cl\u00e9s du camion. C\u2019est un bel exemple de collaboration r\u00e9ussie. \u00bb<\/em><\/p>\n<\/blockquote>\n\n\n\n<h2 class=\"wp-block-heading\"><strong>Le futur : accompagner la croissance<\/strong><\/h2>\n\n\n\n<p>Le groupe PPLB continue son expansion avec l\u2019ouverture de deux nouveaux bureaux \u00e0 Bordeaux et Rennes, et de nouveaux projets qui s\u2019annoncent.<\/p>\n\n\n\n<p>Avec Amedia Solutions, la relation s\u2019inscrit dans la dur\u00e9e.<\/p>\n\n\n\n<blockquote class=\"wp-block-quote is-layout-flow wp-block-quote-is-layout-flow\">\n<p>\u00ab <em>On a compris que quand on parlait de l&rsquo;avenir, il y avait aussi une projection en face. Il y a des gens qui sont salari\u00e9s depuis cinq ou dix ans dans une entreprise, et quand on leur dit &lsquo;dans dix ans&rsquo;, ils s&rsquo;en fichent peut-\u00eatre parce qu&rsquo;ils ne seront plus l\u00e0.<\/em><\/p>\n\n\n\n<p><em>Avec des gens comme Igor et Didier, on avait l&rsquo;impression que dans dix ans, on mangerait encore ensemble. On se disait : &lsquo;O\u00f9 est-ce qu&rsquo;on va ?&rsquo; Et eux disaient : &lsquo;\u00c7a, on ne va pas le faire parce que dans un ou deux ans, ce sera obsol\u00e8te, on aura une autre solution.&rsquo; Ce lien-l\u00e0, on l&rsquo;a senti tout de suite. Avec eux, on sait qu\u2019on pourra compter sur un syst\u00e8me fiable et \u00e9volutif, pens\u00e9 pour durer. \u00bb<\/em><\/p>\n<\/blockquote>\n\n\n\n<h3 class=\"wp-block-heading\"><strong>Conclusion<\/strong><\/h3>\n\n\n\n<p>En seulement quelques mois, Amedia Solutions a permis au groupe PPLB de passer d\u2019un syst\u00e8me fragile et \u00e9clat\u00e9 \u00e0 une <strong>infrastructure moderne, souveraine et adapt\u00e9e \u00e0 son m\u00e9tier<\/strong>.<br>Au-del\u00e0 de la technique, c\u2019est une <strong>histoire de proximit\u00e9, de confiance et de vision \u00e0 long terme<\/strong>.<\/p>\n\n\n\n<p>Une collaboration qui illustre parfaitement notre mission : <strong>accompagner nos clients dans leur croissance en leur offrant s\u00e9r\u00e9nit\u00e9 et autonomie sur leurs outils.<\/strong><\/p>\n\n\n\n<h3 class=\"wp-block-heading\"><strong>NOS SOLUTIONS POUR LE GROUPE PPLB<\/strong><\/h3>\n\n\n\n<ul class=\"wp-block-list\">\n<li><a href=\"https:\/\/www.amediasolutions.fr\/accompagnement-suivi\" target=\"_blank\" rel=\"noopener\" title=\"\">ACCOMPAGNEMENT<\/a><\/li>\n\n\n\n<li><a href=\"https:\/\/www.iptis.fr\/interconnexion\" target=\"_blank\" rel=\"noopener\" title=\"\">INSTALLATION FIBRE, INTERCONNEXION ET SECURITE<\/a><\/li>\n\n\n\n<li><a href=\"https:\/\/www.amediasolutions.fr\/serveur-reseau-informatique\" target=\"_blank\" rel=\"noopener\" title=\"\">INFRASTRUCTURE SERVEUR<\/a><\/li>\n\n\n\n<li><a href=\"https:\/\/www.iptis.fr\/telephonie-sur-ip\" target=\"_blank\" rel=\"noopener\" title=\"\">TELEPHONIE IP<\/a><\/li>\n\n\n\n<li><a href=\"https:\/\/www.amediasolutions.fr\/messagerie\" title=\"\">MESSAGERIE ELECTRONIQUE<\/a><\/li>\n\n\n\n<li><a href=\"https:\/\/www.amediasolutions.fr\/logiciels-collaboratifs\" title=\"\">OUTILS COLLABORATIFS IPtis Apps (messagerie instantan\u00e9e et visioconf\u00e9rence)<\/a><\/li>\n\n\n\n<li><a href=\"https:\/\/www.amediasolutions.fr\/progiciels-de-gestion\" target=\"_blank\" rel=\"noopener\" title=\"\">PROGICIELS DE GESTION SAGE<\/a><\/li>\n\n\n\n<li><a href=\"https:\/\/www.amediasolutions.fr\/equipements-informatique-materiel\" target=\"_blank\" rel=\"noopener\" title=\"\">EQUIPEMENTS INFORMATIQUES<\/a><\/li>\n<\/ul>\n\n\n\n<p><\/p>\n","protected":false},"excerpt":{"rendered":"<p>Le groupe PPLB Depuis sa cr\u00e9ation en 2013, le groupe PPLB n\u2019a cess\u00e9 de se d\u00e9velopper. Avec 4 usines en France et une \u00e9quipe de 250 collaborateurs. En 2024, le groupe se retrouve face \u00e0 un d\u00e9fi majeur : refondre son infrastructure informatique. Rencontre avec M. Lucas Mazi\u00e8res, Directeur des op\u00e9rations chez Puyzillou, filiale du [&hellip;]<\/p>\n","protected":false},"author":1,"featured_media":1714,"comment_status":"open","ping_status":"open","sticky":false,"template":"","format":"standard","meta":{"footnotes":""},"categories":[11],"tags":[],"class_list":["post-1702","post","type-post","status-publish","format-standard","has-post-thumbnail","hentry","category-cas-client"],"aioseo_notices":[],"_links":{"self":[{"href":"https:\/\/www.amediasolutions.fr\/blog\/wp-json\/wp\/v2\/posts\/1702","targetHints":{"allow":["GET"]}}],"collection":[{"href":"https:\/\/www.amediasolutions.fr\/blog\/wp-json\/wp\/v2\/posts"}],"about":[{"href":"https:\/\/www.amediasolutions.fr\/blog\/wp-json\/wp\/v2\/types\/post"}],"author":[{"embeddable":true,"href":"https:\/\/www.amediasolutions.fr\/blog\/wp-json\/wp\/v2\/users\/1"}],"replies":[{"embeddable":true,"href":"https:\/\/www.amediasolutions.fr\/blog\/wp-json\/wp\/v2\/comments?post=1702"}],"version-history":[{"count":10,"href":"https:\/\/www.amediasolutions.fr\/blog\/wp-json\/wp\/v2\/posts\/1702\/revisions"}],"predecessor-version":[{"id":1715,"href":"https:\/\/www.amediasolutions.fr\/blog\/wp-json\/wp\/v2\/posts\/1702\/revisions\/1715"}],"wp:featuredmedia":[{"embeddable":true,"href":"https:\/\/www.amediasolutions.fr\/blog\/wp-json\/wp\/v2\/media\/1714"}],"wp:attachment":[{"href":"https:\/\/www.amediasolutions.fr\/blog\/wp-json\/wp\/v2\/media?parent=1702"}],"wp:term":[{"taxonomy":"category","embeddable":true,"href":"https:\/\/www.amediasolutions.fr\/blog\/wp-json\/wp\/v2\/categories?post=1702"},{"taxonomy":"post_tag","embeddable":true,"href":"https:\/\/www.amediasolutions.fr\/blog\/wp-json\/wp\/v2\/tags?post=1702"}],"curies":[{"name":"wp","href":"https:\/\/api.w.org\/{rel}","templated":true}]}}