{"id":1092,"date":"2023-04-18T14:10:00","date_gmt":"2023-04-18T12:10:00","guid":{"rendered":"https:\/\/www.amediasolutions.fr\/blog\/?p=1092"},"modified":"2023-04-18T14:48:04","modified_gmt":"2023-04-18T12:48:04","slug":"declaration-obligatoire-demploi-des-travailleurs-handicapes-doeth","status":"publish","type":"post","link":"https:\/\/www.amediasolutions.fr\/blog\/declaration-obligatoire-demploi-des-travailleurs-handicapes-doeth","title":{"rendered":"D\u00e9claration obligatoire d&#8217;emploi des travailleurs handicap\u00e9s (DOETH)"},"content":{"rendered":"\n<blockquote class=\"wp-block-quote is-layout-flow wp-block-quote-is-layout-flow\">\n<p>Ce billet s&rsquo;adresse aux utilisateurs de Sage Paie<\/p>\n<\/blockquote>\n\n\n\n<p>Nous souhaitons vous rappeler que la DOETH (D\u00e9claration d\u2019Obligation d\u2019Emploi des Travailleurs Handicap\u00e9s) doit \u00eatre effectu\u00e9e pour cette ann\u00e9e 2023 sur la DSN du mois d\u2019avril 2023 (\u00e9ch\u00e9ance au 05 ou 15 mai 2023).<\/p>\n\n\n\n<p>Cette d\u00e9claration porte sur l\u2019obligation d\u2019emploi de travailleurs handicap\u00e9s de l\u2019ann\u00e9e 2022.<\/p>\n\n\n\n<p>\u00c0 ce titre vous avez d\u00fb recevoir deux communications&nbsp;:<\/p>\n\n\n\n<ul class=\"wp-block-list\">\n<li>La premi\u00e8re provenant de l\u2019URSSAF pour vous notifier les effectifs que vous devriez avoir au titre d\u2019emploi de travailleurs handicap\u00e9s.<\/li>\n\n\n\n<li>La seconde provenant de l\u2019AGEFIPH pour vous rappeler l\u2019obligation de calculer, d\u00e9clarer et payer si besoin la cotisation pour OETH. <\/li>\n<\/ul>\n\n\n\n<p>Nous vous invitons \u00e0 consulter le <a href=\"https:\/\/www.urssaf.fr\/portail\/files\/live\/sites\/urssaf\/files\/documents\/OETH-Guide.pdf\" target=\"_blank\" rel=\"noopener\" title=\"\">Guide URSSAF de l\u2019OETH<\/a> &nbsp;<\/p>\n\n\n\n<p>(version 1.8 du 20\/03\/2023 &#8211; <a href=\"https:\/\/www.urssaf.fr\/portail\/files\/live\/sites\/urssaf\/files\/documents\/OETH-Guide.pdf\" target=\"_blank\" rel=\"noopener\" title=\"\">https:\/\/www.urssaf.fr\/portail\/files\/live\/sites\/urssaf\/files\/documents\/OETH-Guide.pdf<\/a> ) ainsi que le site de l\u2019AGEFIPH (<a href=\"https:\/\/www.agefiph.fr\/employeur\/simulateur_doeth\/simulation?y=2022\" target=\"_blank\" rel=\"noopener\" title=\"\">https:\/\/www.agefiph.fr\/employeur\/simulateur_doeth\/simulation?y=2022<\/a>) o\u00f9 un simulateur est mis \u00e0 disposition.<\/p>\n\n\n\n<h2 class=\"wp-block-heading\">Qui est assujetti \u00e0 l\u2019OETH&nbsp;?<\/h2>\n\n\n\n<p><strong>Toutes les entreprises de 20 salari\u00e9s et plus sont assujettis \u00e0 l\u2019OTEH<\/strong>.<\/p>\n\n\n\n<p>Si vous avez r\u00e9cemment franchi le seuil de 20 salari\u00e9s, nous vous invitons \u00e0 consulter la page 15 du <strong><a href=\"https:\/\/www.urssaf.fr\/portail\/files\/live\/sites\/urssaf\/files\/documents\/OETH-Guide.pdf\" target=\"_blank\" rel=\"noopener\" title=\"\">Guide URSSAF de l\u2019OETH<\/a><\/strong> qui d\u00e9crit l\u2019impact de ce franchissement de seuil.<\/p>\n\n\n\n<h2 class=\"wp-block-heading\">Quel est l\u2019effectif obligatoire&nbsp;?<\/h2>\n\n\n\n<p>L\u2019effectif moyen annuel OETH (EMA OETH) est calcul\u00e9 par l\u2019Urssaf pour d\u00e9terminer l\u2019assujettissement \u00e0 l\u2019OETH et le niveau d\u2019obligation d\u2019emploi de l\u2019entreprise.<\/p>\n\n\n\n<p>En effet :<\/p>\n\n\n\n<ul class=\"wp-block-list\">\n<li>Seules les entreprises de 20 salari\u00e9s et plus sont assujetties \u00e0 l\u2019OETH ;<\/li>\n\n\n\n<li><strong>Le niveau d\u2019obligation d\u2019emploi, exprim\u00e9 en nombre de BOETH, correspond \u00e0 6 % de l\u2019EMA OETH<\/strong>.<\/li>\n<\/ul>\n\n\n\n<p>L\u2019atteinte ou non de l\u2019effectif d\u2019assujettissement de 20 salari\u00e9s pour l\u2019OETH au titre d\u2019une ann\u00e9e N sera v\u00e9rifi\u00e9 l\u2019ann\u00e9e suivante N+1. Ainsi, l\u2019EMA OETH, ou effectif d\u2019assujettissement \u00e0 l\u2019obligation d\u2019emploi \u00e0 retenir au titre d\u2019une ann\u00e9e N est l\u2019effectif moyen annuel au 31 d\u00e9cembre de l\u2019ann\u00e9e N,<\/p>\n\n\n\n<p>calcul\u00e9 sur la base de la moyenne des effectifs d\u00e9termin\u00e9s chaque mois au titre de cette m\u00eame ann\u00e9e civile N.<\/p>\n\n\n\n<p>Nous vous invitons \u00e0 consulter la page 17 du <strong><a href=\"https:\/\/www.urssaf.fr\/portail\/files\/live\/sites\/urssaf\/files\/documents\/OETH-Guide.pdf\" target=\"_blank\" rel=\"noopener\" title=\"\">Guide URSSAF de l\u2019OETH<\/a> <\/strong>&nbsp;qui d\u00e9crit le calcul des effectifs.<\/p>\n\n\n\n<h2 class=\"wp-block-heading\">Comment calculer la contribution de l\u2019OETH&nbsp;?<\/h2>\n\n\n\n<p>Ce calcul s\u2019effectue en plusieurs \u00e9tapes&nbsp;:<\/p>\n\n\n\n<ul class=\"wp-block-list\">\n<li>Calcul de la Contribution brute<\/li>\n\n\n\n<li>Calcul des d\u00e9ductions<\/li>\n\n\n\n<li>Calcul de l\u2019\u00e9cr\u00eatement<\/li>\n\n\n\n<li>Calcul de la contribution r\u00e9ellement due<\/li>\n<\/ul>\n\n\n\n<h3 class=\"wp-block-heading\">La contribution brute<\/h3>\n\n\n\n<p>Il convient tout d\u2019abord de calculer la Contribution brute. Ce calcul est d\u00e9taill\u00e9 \u00e0 partir de la page 26 du <strong><a href=\"https:\/\/www.urssaf.fr\/portail\/files\/live\/sites\/urssaf\/files\/documents\/OETH-Guide.pdf\" target=\"_blank\" rel=\"noopener\" title=\"\">Guide URSSAF de l\u2019OETH <\/a>.<\/strong><\/p>\n\n\n\n<figure class=\"wp-block-image size-full\"><img loading=\"lazy\" decoding=\"async\" width=\"729\" height=\"212\" src=\"https:\/\/www.amediasolutions.fr\/blog\/wp-content\/uploads\/2022\/05\/Capture.jpg\" alt=\"\" class=\"wp-image-1094\" srcset=\"https:\/\/www.amediasolutions.fr\/blog\/wp-content\/uploads\/2022\/05\/Capture.jpg 729w, https:\/\/www.amediasolutions.fr\/blog\/wp-content\/uploads\/2022\/05\/Capture-300x87.jpg 300w\" sizes=\"auto, (max-width: 729px) 100vw, 729px\" \/><\/figure>\n\n\n\n<figure class=\"wp-block-image size-full\"><img loading=\"lazy\" decoding=\"async\" width=\"784\" height=\"443\" src=\"https:\/\/www.amediasolutions.fr\/blog\/wp-content\/uploads\/2023\/04\/image.png\" alt=\"\" class=\"wp-image-1401\" srcset=\"https:\/\/www.amediasolutions.fr\/blog\/wp-content\/uploads\/2023\/04\/image.png 784w, https:\/\/www.amediasolutions.fr\/blog\/wp-content\/uploads\/2023\/04\/image-300x170.png 300w, https:\/\/www.amediasolutions.fr\/blog\/wp-content\/uploads\/2023\/04\/image-768x434.png 768w\" sizes=\"auto, (max-width: 784px) 100vw, 784px\" \/><\/figure>\n\n\n\n<h3 class=\"wp-block-heading\">Calcul des d\u00e9ductions<\/h3>\n\n\n\n<p>Ce calcul est d\u00e9taill\u00e9 \u00e0 partir de la page 27 du <strong><a href=\"https:\/\/www.urssaf.fr\/portail\/files\/live\/sites\/urssaf\/files\/documents\/OETH-Guide.pdf\" target=\"_blank\" rel=\"noopener\" title=\"\">Guide URSSAF de l\u2019OETH<\/a>.<\/strong><\/p>\n\n\n\n<figure class=\"wp-block-image size-full\"><img loading=\"lazy\" decoding=\"async\" width=\"920\" height=\"475\" src=\"https:\/\/www.amediasolutions.fr\/blog\/wp-content\/uploads\/2023\/04\/image-1.png\" alt=\"\" class=\"wp-image-1402\" srcset=\"https:\/\/www.amediasolutions.fr\/blog\/wp-content\/uploads\/2023\/04\/image-1.png 920w, https:\/\/www.amediasolutions.fr\/blog\/wp-content\/uploads\/2023\/04\/image-1-300x155.png 300w, https:\/\/www.amediasolutions.fr\/blog\/wp-content\/uploads\/2023\/04\/image-1-768x397.png 768w\" sizes=\"auto, (max-width: 920px) 100vw, 920px\" \/><\/figure>\n\n\n\n<figure class=\"wp-block-image size-large\"><img loading=\"lazy\" decoding=\"async\" width=\"720\" height=\"1024\" src=\"https:\/\/www.amediasolutions.fr\/blog\/wp-content\/uploads\/2023\/04\/image-2-720x1024.png\" alt=\"\" class=\"wp-image-1403\" srcset=\"https:\/\/www.amediasolutions.fr\/blog\/wp-content\/uploads\/2023\/04\/image-2-720x1024.png 720w, https:\/\/www.amediasolutions.fr\/blog\/wp-content\/uploads\/2023\/04\/image-2-211x300.png 211w, https:\/\/www.amediasolutions.fr\/blog\/wp-content\/uploads\/2023\/04\/image-2.png 752w\" sizes=\"auto, (max-width: 720px) 100vw, 720px\" \/><\/figure>\n\n\n\n<h3 class=\"wp-block-heading\">Calcul avant et apr\u00e8s \u00e9cr\u00eatement<\/h3>\n\n\n\n<p>Ces calculs sont d\u00e9taill\u00e9s \u00e0 partir de la page 33 du <strong><a href=\"https:\/\/www.urssaf.fr\/portail\/files\/live\/sites\/urssaf\/files\/documents\/OETH-Guide.pdf\" target=\"_blank\" rel=\"noopener\" title=\"\">Guide URSSAF de l\u2019OETH<\/a>.<\/strong><\/p>\n\n\n\n<figure class=\"wp-block-image size-full\"><img loading=\"lazy\" decoding=\"async\" width=\"813\" height=\"430\" src=\"https:\/\/www.amediasolutions.fr\/blog\/wp-content\/uploads\/2023\/04\/image-3.png\" alt=\"\" class=\"wp-image-1404\" srcset=\"https:\/\/www.amediasolutions.fr\/blog\/wp-content\/uploads\/2023\/04\/image-3.png 813w, https:\/\/www.amediasolutions.fr\/blog\/wp-content\/uploads\/2023\/04\/image-3-300x159.png 300w, https:\/\/www.amediasolutions.fr\/blog\/wp-content\/uploads\/2023\/04\/image-3-768x406.png 768w\" sizes=\"auto, (max-width: 813px) 100vw, 813px\" \/><\/figure>\n\n\n\n<figure class=\"wp-block-image size-full\"><img loading=\"lazy\" decoding=\"async\" width=\"764\" height=\"483\" src=\"https:\/\/www.amediasolutions.fr\/blog\/wp-content\/uploads\/2023\/04\/image-4.png\" alt=\"\" class=\"wp-image-1405\" srcset=\"https:\/\/www.amediasolutions.fr\/blog\/wp-content\/uploads\/2023\/04\/image-4.png 764w, https:\/\/www.amediasolutions.fr\/blog\/wp-content\/uploads\/2023\/04\/image-4-300x190.png 300w\" sizes=\"auto, (max-width: 764px) 100vw, 764px\" \/><\/figure>\n\n\n\n<h3 class=\"wp-block-heading\">Calcul de la contribution r\u00e9ellement due<\/h3>\n\n\n\n<p>Ce calcul est d\u00e9taill\u00e9 \u00e0 partir de la page 34 du <strong><a href=\"https:\/\/www.urssaf.fr\/portail\/files\/live\/sites\/urssaf\/files\/documents\/OETH-Guide.pdf\" target=\"_blank\" rel=\"noopener\" title=\"\">Guide URSSAF de l\u2019OETH<\/a>.<\/strong><\/p>\n\n\n\n<figure class=\"wp-block-image size-full\"><img loading=\"lazy\" decoding=\"async\" width=\"749\" height=\"264\" src=\"https:\/\/www.amediasolutions.fr\/blog\/wp-content\/uploads\/2023\/04\/image-5.png\" alt=\"\" class=\"wp-image-1406\" srcset=\"https:\/\/www.amediasolutions.fr\/blog\/wp-content\/uploads\/2023\/04\/image-5.png 749w, https:\/\/www.amediasolutions.fr\/blog\/wp-content\/uploads\/2023\/04\/image-5-300x106.png 300w\" sizes=\"auto, (max-width: 749px) 100vw, 749px\" \/><\/figure>\n\n\n\n<h2 class=\"wp-block-heading\">Comment cela va-t-il se passer dans la DSN avec Sage Paie&nbsp;?<\/h2>\n\n\n\n<p>Une fois vos calculs effectu\u00e9s, vous devrez saisir ces \u00e9l\u00e9ments dans votre DSN du mois d\u2019avril, \u00e9ch\u00e9ance au 05 ou 15 mai.<\/p>\n\n\n\n<p>Vous trouverez ci-apr\u00e8s le mode op\u00e9ratoire \u00e0 utiliser.<\/p>\n\n\n\n<p>Toutefois, notre \u00e9quipe se tiendra \u00e0 votre disposition pour vous apporter une aide \u00e9ventuelle pour cette d\u00e9claration.<\/p>\n\n\n\n<p><strong><u>Rappel&nbsp;: Avant de contacter Amedia Solutions au sujet de l\u2019int\u00e9gration de l\u2019OETH dans votre DSN, vous devrez&nbsp;:<\/u><\/strong><\/p>\n\n\n\n<ul class=\"wp-block-list\">\n<li>Avoir calcul\u00e9 les montants \u00e0 d\u00e9clarer<\/li>\n\n\n\n<li>Avoir d\u00e9j\u00e0 v\u00e9rifi\u00e9 votre DSN qui sera donc pr\u00eate \u00e0 \u00eatre envoy\u00e9e d\u00e8s l\u2019insertion de l\u2019OETH.<\/li>\n<\/ul>\n\n\n\n<p>Toute l\u2019\u00e9quipe d\u2019Amedia Solutions se tient \u00e0 votre disposition pour tout compl\u00e9ment d\u2019information.<\/p>\n\n\n\n<p class=\"has-text-align-right\">L&rsquo;\u00e9quipe SAGE d&rsquo;Amedia Solutions \ud83d\ude09<\/p>\n\n\n\n<h2 class=\"wp-block-heading\">MODE OP\u00c9RATOIRE DOETH<\/h2>\n\n\n\n<p>Ce mode op\u00e9ratoire est \u00e0 appliquer directement dans votre DSN d\u2019avril 2023. Celle-ci devra donc au pr\u00e9alable, avoir \u00e9t\u00e9 g\u00e9n\u00e9r\u00e9e et contr\u00f4l\u00e9e.<\/p>\n\n\n\n<p><strong>1- Renseigner les diff\u00e9rents codes selon vos calculs dans le bloc S21.G00.82.<\/strong><\/p>\n\n\n\n<p>Les champs \u00ab\u00a0Valeur\u00a0\u00bb et \u00ab\u00a0D\u00e9but\u00a0\u00bb \u00ab\u00a0Fin\u00a0\u00bb sont \u00e0 saisir.<\/p>\n\n\n\n<figure class=\"wp-block-image size-full\"><img loading=\"lazy\" decoding=\"async\" width=\"945\" height=\"519\" src=\"https:\/\/www.amediasolutions.fr\/blog\/wp-content\/uploads\/2023\/04\/image-6.png\" alt=\"\" class=\"wp-image-1417\" srcset=\"https:\/\/www.amediasolutions.fr\/blog\/wp-content\/uploads\/2023\/04\/image-6.png 945w, https:\/\/www.amediasolutions.fr\/blog\/wp-content\/uploads\/2023\/04\/image-6-300x165.png 300w, https:\/\/www.amediasolutions.fr\/blog\/wp-content\/uploads\/2023\/04\/image-6-768x422.png 768w\" sizes=\"auto, (max-width: 945px) 100vw, 945px\" \/><\/figure>\n\n\n\n<p>Le champs \u00ab\u00a0R\u00e9f.r\u00e9glementaire ou contractuelle\u00a0\u00bb correspond au num\u00e9ro de siret de votre caisse URSSAF<\/p>\n\n\n\n<figure class=\"wp-block-image size-full\"><img loading=\"lazy\" decoding=\"async\" width=\"945\" height=\"420\" src=\"https:\/\/www.amediasolutions.fr\/blog\/wp-content\/uploads\/2023\/04\/image-7.png\" alt=\"\" class=\"wp-image-1418\" srcset=\"https:\/\/www.amediasolutions.fr\/blog\/wp-content\/uploads\/2023\/04\/image-7.png 945w, https:\/\/www.amediasolutions.fr\/blog\/wp-content\/uploads\/2023\/04\/image-7-300x133.png 300w, https:\/\/www.amediasolutions.fr\/blog\/wp-content\/uploads\/2023\/04\/image-7-768x341.png 768w\" sizes=\"auto, (max-width: 945px) 100vw, 945px\" \/><\/figure>\n\n\n\n<p>Saisie selon les exemples et explications donn\u00e9s pages 2, 4 et 5<\/p>\n\n\n\n<figure class=\"wp-block-image size-full\"><img loading=\"lazy\" decoding=\"async\" width=\"945\" height=\"563\" src=\"https:\/\/www.amediasolutions.fr\/blog\/wp-content\/uploads\/2023\/04\/image-8.png\" alt=\"\" class=\"wp-image-1419\" srcset=\"https:\/\/www.amediasolutions.fr\/blog\/wp-content\/uploads\/2023\/04\/image-8.png 945w, https:\/\/www.amediasolutions.fr\/blog\/wp-content\/uploads\/2023\/04\/image-8-300x179.png 300w, https:\/\/www.amediasolutions.fr\/blog\/wp-content\/uploads\/2023\/04\/image-8-768x458.png 768w\" sizes=\"auto, (max-width: 945px) 100vw, 945px\" \/><\/figure>\n\n\n\n<p>Si \u00ab\u00a0accord agr\u00e9e\u00a0\u00bb. A renseigner selon le type d\u2019accord agr\u00e9e<\/p>\n\n\n\n<figure class=\"wp-block-image size-full\"><img loading=\"lazy\" decoding=\"async\" width=\"945\" height=\"447\" src=\"https:\/\/www.amediasolutions.fr\/blog\/wp-content\/uploads\/2023\/04\/image-9.png\" alt=\"\" class=\"wp-image-1420\" srcset=\"https:\/\/www.amediasolutions.fr\/blog\/wp-content\/uploads\/2023\/04\/image-9.png 945w, https:\/\/www.amediasolutions.fr\/blog\/wp-content\/uploads\/2023\/04\/image-9-300x142.png 300w, https:\/\/www.amediasolutions.fr\/blog\/wp-content\/uploads\/2023\/04\/image-9-768x363.png 768w\" sizes=\"auto, (max-width: 945px) 100vw, 945px\" \/><\/figure>\n\n\n\n<p><strong>2- Saisir dans l\u2019onglet Versement \/ Cotisations \/Code \/ Qualifiant \/ Assiette arrondi<\/strong><\/p>\n\n\n\n<figure class=\"wp-block-image size-full is-resized\"><img loading=\"lazy\" decoding=\"async\" src=\"https:\/\/www.amediasolutions.fr\/blog\/wp-content\/uploads\/2023\/04\/image-10.png\" alt=\"\" class=\"wp-image-1421\" width=\"610\" height=\"284\" srcset=\"https:\/\/www.amediasolutions.fr\/blog\/wp-content\/uploads\/2023\/04\/image-10.png 945w, https:\/\/www.amediasolutions.fr\/blog\/wp-content\/uploads\/2023\/04\/image-10-300x140.png 300w, https:\/\/www.amediasolutions.fr\/blog\/wp-content\/uploads\/2023\/04\/image-10-768x358.png 768w\" sizes=\"auto, (max-width: 610px) 100vw, 610px\" \/><\/figure>\n\n\n\n<figure class=\"wp-block-image size-full\"><img loading=\"lazy\" decoding=\"async\" width=\"945\" height=\"433\" src=\"https:\/\/www.amediasolutions.fr\/blog\/wp-content\/uploads\/2023\/04\/image-11.png\" alt=\"\" class=\"wp-image-1422\" srcset=\"https:\/\/www.amediasolutions.fr\/blog\/wp-content\/uploads\/2023\/04\/image-11.png 945w, https:\/\/www.amediasolutions.fr\/blog\/wp-content\/uploads\/2023\/04\/image-11-300x137.png 300w, https:\/\/www.amediasolutions.fr\/blog\/wp-content\/uploads\/2023\/04\/image-11-768x352.png 768w\" sizes=\"auto, (max-width: 945px) 100vw, 945px\" \/><\/figure>\n\n\n\n<p><strong>3- Ajouter au montant total des cotisations la contribution annuelle DOETH<\/strong><\/p>\n\n\n\n<figure class=\"wp-block-image size-full\"><img loading=\"lazy\" decoding=\"async\" width=\"945\" height=\"438\" src=\"https:\/\/www.amediasolutions.fr\/blog\/wp-content\/uploads\/2023\/04\/image-12.png\" alt=\"\" class=\"wp-image-1423\" srcset=\"https:\/\/www.amediasolutions.fr\/blog\/wp-content\/uploads\/2023\/04\/image-12.png 945w, https:\/\/www.amediasolutions.fr\/blog\/wp-content\/uploads\/2023\/04\/image-12-300x139.png 300w, https:\/\/www.amediasolutions.fr\/blog\/wp-content\/uploads\/2023\/04\/image-12-768x356.png 768w\" sizes=\"auto, (max-width: 945px) 100vw, 945px\" \/><\/figure>\n\n\n\n<p><strong>4- Ajouter au montant du versement la contribution annuelle DOETH<\/strong><\/p>\n\n\n\n<figure class=\"wp-block-image size-full\"><img loading=\"lazy\" decoding=\"async\" width=\"945\" height=\"438\" src=\"https:\/\/www.amediasolutions.fr\/blog\/wp-content\/uploads\/2023\/04\/image-13.png\" alt=\"\" class=\"wp-image-1424\" srcset=\"https:\/\/www.amediasolutions.fr\/blog\/wp-content\/uploads\/2023\/04\/image-13.png 945w, https:\/\/www.amediasolutions.fr\/blog\/wp-content\/uploads\/2023\/04\/image-13-300x139.png 300w, https:\/\/www.amediasolutions.fr\/blog\/wp-content\/uploads\/2023\/04\/image-13-768x356.png 768w\" sizes=\"auto, (max-width: 945px) 100vw, 945px\" \/><\/figure>\n\n\n\n<p><strong>5- Enregistrer \/ eContr\u00f4les \/ Envoyer<\/strong><\/p>\n\n\n\n<figure class=\"wp-block-image size-full\"><img loading=\"lazy\" decoding=\"async\" width=\"945\" height=\"482\" src=\"https:\/\/www.amediasolutions.fr\/blog\/wp-content\/uploads\/2023\/04\/image-14.png\" alt=\"\" class=\"wp-image-1425\" srcset=\"https:\/\/www.amediasolutions.fr\/blog\/wp-content\/uploads\/2023\/04\/image-14.png 945w, https:\/\/www.amediasolutions.fr\/blog\/wp-content\/uploads\/2023\/04\/image-14-300x153.png 300w, https:\/\/www.amediasolutions.fr\/blog\/wp-content\/uploads\/2023\/04\/image-14-768x392.png 768w\" sizes=\"auto, (max-width: 945px) 100vw, 945px\" \/><\/figure>\n\n\n\n<h2 class=\"wp-block-heading\"><strong>Vous recherchez un prestataire de confiance pour vous accompagner sur les solutions SAGE ? Contactez-nous !<\/strong><\/h2>\n\n\n\n<div class=\"wp-block-buttons is-layout-flex wp-block-buttons-is-layout-flex\">\n<div class=\"wp-block-button is-style-fill\"><a class=\"wp-block-button__link wp-element-button\" href=\"https:\/\/www.amediasolutions.fr\/contactez-nous\">RAPPELEZ-MOI !<\/a><\/div>\n<\/div>\n","protected":false},"excerpt":{"rendered":"<p>Amedia Solutions vous rappelle que la DOETH (D\u00e9claration d\u2019Obligation d\u2019Emploi des Travailleurs Handicap\u00e9s) doit \u00eatre effectu\u00e9e pour cette ann\u00e9e 2023 sur la DSN du mois d\u2019avril 2023 (\u00e9ch\u00e9ance au 05 ou 15 mai 2023).<\/p>\n","protected":false},"author":1,"featured_media":1099,"comment_status":"closed","ping_status":"open","sticky":false,"template":"templates\/template-full-width.php","format":"standard","meta":{"footnotes":""},"categories":[14],"tags":[],"class_list":["post-1092","post","type-post","status-publish","format-standard","has-post-thumbnail","hentry","category-sage"],"aioseo_notices":[],"_links":{"self":[{"href":"https:\/\/www.amediasolutions.fr\/blog\/wp-json\/wp\/v2\/posts\/1092","targetHints":{"allow":["GET"]}}],"collection":[{"href":"https:\/\/www.amediasolutions.fr\/blog\/wp-json\/wp\/v2\/posts"}],"about":[{"href":"https:\/\/www.amediasolutions.fr\/blog\/wp-json\/wp\/v2\/types\/post"}],"author":[{"embeddable":true,"href":"https:\/\/www.amediasolutions.fr\/blog\/wp-json\/wp\/v2\/users\/1"}],"replies":[{"embeddable":true,"href":"https:\/\/www.amediasolutions.fr\/blog\/wp-json\/wp\/v2\/comments?post=1092"}],"version-history":[{"count":13,"href":"https:\/\/www.amediasolutions.fr\/blog\/wp-json\/wp\/v2\/posts\/1092\/revisions"}],"predecessor-version":[{"id":1426,"href":"https:\/\/www.amediasolutions.fr\/blog\/wp-json\/wp\/v2\/posts\/1092\/revisions\/1426"}],"wp:featuredmedia":[{"embeddable":true,"href":"https:\/\/www.amediasolutions.fr\/blog\/wp-json\/wp\/v2\/media\/1099"}],"wp:attachment":[{"href":"https:\/\/www.amediasolutions.fr\/blog\/wp-json\/wp\/v2\/media?parent=1092"}],"wp:term":[{"taxonomy":"category","embeddable":true,"href":"https:\/\/www.amediasolutions.fr\/blog\/wp-json\/wp\/v2\/categories?post=1092"},{"taxonomy":"post_tag","embeddable":true,"href":"https:\/\/www.amediasolutions.fr\/blog\/wp-json\/wp\/v2\/tags?post=1092"}],"curies":[{"name":"wp","href":"https:\/\/api.w.org\/{rel}","templated":true}]}}